{"id":2233,"date":"2023-06-11T08:45:05","date_gmt":"2023-06-11T08:45:05","guid":{"rendered":"https:\/\/www.goiberia.com\/?p=2233"},"modified":"2024-02-09T15:37:03","modified_gmt":"2024-02-09T15:37:03","slug":"wspaniale-dziedzictwo-mudejar-spotkanie-dwoch-swiatow","status":"publish","type":"post","link":"https:\/\/www.goiberia.com\/pl\/wspaniale-dziedzictwo-mudejar-spotkanie-dwoch-swiatow\/","title":{"rendered":"Wspania\u0142e dziedzictwo Mudejar &#8211; Spotkanie dw\u00f3ch \u015bwiat\u00f3w"},"content":{"rendered":"\n<h2 class=\"wp-block-heading\"><\/h2>\n\n\n\n<p>Styl artystyczny Mud\u00e9jar powsta\u0142 w XII wieku, a moda na jego wykorzystywanie trwa\u0142a do XVII wieku. <\/p>\n\n\n\n<blockquote class=\"wp-block-quote is-layout-flow wp-block-quote-is-layout-flow\">\n<p><strong>Mudejar<\/strong> z arabskiego wymawiane jako <q><em>mudad\u017cd\u017can<\/em><\/q>&nbsp;i oznacza <strong>tego<\/strong>,<em> <q>kt\u00f3ry m\u00f3g\u0142 zosta\u0107 w Hiszpanii<\/q><\/em>. <\/p>\n<\/blockquote>\n\n\n\n<figure class=\"wp-block-image size-large\"><img decoding=\"async\" width=\"1024\" height=\"683\" data-src=\"https:\/\/www.goiberia.com\/wp-content\/uploads\/2023\/06\/IMG_8337-1-1-1024x683.jpg\" alt=\"\" class=\"wp-image-2246 lazyload\" data-srcset=\"https:\/\/www.goiberia.com\/wp-content\/uploads\/2023\/06\/IMG_8337-1-1-1024x683.jpg 1024w, https:\/\/www.goiberia.com\/wp-content\/uploads\/2023\/06\/IMG_8337-1-1-300x200.jpg 300w, https:\/\/www.goiberia.com\/wp-content\/uploads\/2023\/06\/IMG_8337-1-1-768x512.jpg 768w, https:\/\/www.goiberia.com\/wp-content\/uploads\/2023\/06\/IMG_8337-1-1-1536x1024.jpg 1536w, https:\/\/www.goiberia.com\/wp-content\/uploads\/2023\/06\/IMG_8337-1-1-2048x1366.jpg 2048w, https:\/\/www.goiberia.com\/wp-content\/uploads\/2023\/06\/IMG_8337-1-1-18x12.jpg 18w, https:\/\/www.goiberia.com\/wp-content\/uploads\/2023\/06\/IMG_8337-1-1-1920x1280.jpg 1920w, https:\/\/www.goiberia.com\/wp-content\/uploads\/2023\/06\/IMG_8337-1-1-600x400.jpg 600w, https:\/\/www.goiberia.com\/wp-content\/uploads\/2023\/06\/IMG_8337-1-1-800x533.jpg 800w, https:\/\/www.goiberia.com\/wp-content\/uploads\/2023\/06\/IMG_8337-1-1-227x152.jpg 227w, https:\/\/www.goiberia.com\/wp-content\/uploads\/2023\/06\/IMG_8337-1-1-143x96.jpg 143w, https:\/\/www.goiberia.com\/wp-content\/uploads\/2023\/06\/IMG_8337-1-1-585x390.jpg 585w, https:\/\/www.goiberia.com\/wp-content\/uploads\/2023\/06\/IMG_8337-1-1-385x257.jpg 385w\" data-sizes=\"(max-width: 1024px) 100vw, 1024px\" src=\"data:image\/svg+xml;base64,PHN2ZyB3aWR0aD0iMSIgaGVpZ2h0PSIxIiB4bWxucz0iaHR0cDovL3d3dy53My5vcmcvMjAwMC9zdmciPjwvc3ZnPg==\" style=\"--smush-placeholder-width: 1024px; --smush-placeholder-aspect-ratio: 1024\/683;\" \/><\/figure>\n\n\n\n<p><\/p>\n\n\n\n<p>Styl zapocz\u0105tkowany zosta\u0142 w czasie rekonkwisty przez osiedlonych na hiszpa\u0144skich ziemiach muzu\u0142man\u00f3w,&nbsp;nazywanych <strong>Mudejarami<\/strong>, kt\u00f3rzy dobrowolnie zgodzili si\u0119 przyj\u0105\u0107 chrzest i s\u0142u\u017cy\u0107 wiernie Koronie.&nbsp;<br><br>Przejawia\u0142 si\u0119 g\u0142\u00f3wnie w budownictwie, rze\u017abie, ceramice i tekstyliach, prezentuj\u0105c po\u0142\u0105czenie element\u00f3w islamskich i chrze\u015bcija\u0144skich (przede wszystkim roma\u0144skich i gotyckich).<\/p>\n\n\n\n<p><\/p>\n\n\n\n<figure class=\"wp-block-image size-large\"><img decoding=\"async\" width=\"1024\" height=\"683\" data-src=\"https:\/\/www.goiberia.com\/wp-content\/uploads\/2023\/06\/1537991943-IMG_5933-1024x683.jpg\" alt=\"\" class=\"wp-image-2242 lazyload\" data-srcset=\"https:\/\/www.goiberia.com\/wp-content\/uploads\/2023\/06\/1537991943-IMG_5933-1024x683.jpg 1024w, https:\/\/www.goiberia.com\/wp-content\/uploads\/2023\/06\/1537991943-IMG_5933-300x200.jpg 300w, https:\/\/www.goiberia.com\/wp-content\/uploads\/2023\/06\/1537991943-IMG_5933-768x512.jpg 768w, https:\/\/www.goiberia.com\/wp-content\/uploads\/2023\/06\/1537991943-IMG_5933-1536x1024.jpg 1536w, https:\/\/www.goiberia.com\/wp-content\/uploads\/2023\/06\/1537991943-IMG_5933-18x12.jpg 18w, https:\/\/www.goiberia.com\/wp-content\/uploads\/2023\/06\/1537991943-IMG_5933-600x400.jpg 600w, https:\/\/www.goiberia.com\/wp-content\/uploads\/2023\/06\/1537991943-IMG_5933-800x533.jpg 800w, https:\/\/www.goiberia.com\/wp-content\/uploads\/2023\/06\/1537991943-IMG_5933-227x152.jpg 227w, https:\/\/www.goiberia.com\/wp-content\/uploads\/2023\/06\/1537991943-IMG_5933-143x96.jpg 143w, https:\/\/www.goiberia.com\/wp-content\/uploads\/2023\/06\/1537991943-IMG_5933-585x390.jpg 585w, https:\/\/www.goiberia.com\/wp-content\/uploads\/2023\/06\/1537991943-IMG_5933-385x257.jpg 385w, https:\/\/www.goiberia.com\/wp-content\/uploads\/2023\/06\/1537991943-IMG_5933.jpg 1800w\" data-sizes=\"(max-width: 1024px) 100vw, 1024px\" src=\"data:image\/svg+xml;base64,PHN2ZyB3aWR0aD0iMSIgaGVpZ2h0PSIxIiB4bWxucz0iaHR0cDovL3d3dy53My5vcmcvMjAwMC9zdmciPjwvc3ZnPg==\" style=\"--smush-placeholder-width: 1024px; --smush-placeholder-aspect-ratio: 1024\/683;\" \/><\/figure>\n\n\n\n<figure class=\"wp-block-image size-large\"><img decoding=\"async\" width=\"1024\" height=\"683\" data-src=\"https:\/\/www.goiberia.com\/wp-content\/uploads\/2023\/06\/IMG_8401-1-1-1024x683.jpg\" alt=\"\" class=\"wp-image-2245 lazyload\" data-srcset=\"https:\/\/www.goiberia.com\/wp-content\/uploads\/2023\/06\/IMG_8401-1-1-1024x683.jpg 1024w, https:\/\/www.goiberia.com\/wp-content\/uploads\/2023\/06\/IMG_8401-1-1-300x200.jpg 300w, https:\/\/www.goiberia.com\/wp-content\/uploads\/2023\/06\/IMG_8401-1-1-768x512.jpg 768w, https:\/\/www.goiberia.com\/wp-content\/uploads\/2023\/06\/IMG_8401-1-1-1536x1024.jpg 1536w, https:\/\/www.goiberia.com\/wp-content\/uploads\/2023\/06\/IMG_8401-1-1-2048x1366.jpg 2048w, https:\/\/www.goiberia.com\/wp-content\/uploads\/2023\/06\/IMG_8401-1-1-18x12.jpg 18w, https:\/\/www.goiberia.com\/wp-content\/uploads\/2023\/06\/IMG_8401-1-1-1920x1280.jpg 1920w, https:\/\/www.goiberia.com\/wp-content\/uploads\/2023\/06\/IMG_8401-1-1-600x400.jpg 600w, https:\/\/www.goiberia.com\/wp-content\/uploads\/2023\/06\/IMG_8401-1-1-800x533.jpg 800w, https:\/\/www.goiberia.com\/wp-content\/uploads\/2023\/06\/IMG_8401-1-1-227x152.jpg 227w, https:\/\/www.goiberia.com\/wp-content\/uploads\/2023\/06\/IMG_8401-1-1-143x96.jpg 143w, https:\/\/www.goiberia.com\/wp-content\/uploads\/2023\/06\/IMG_8401-1-1-585x390.jpg 585w, https:\/\/www.goiberia.com\/wp-content\/uploads\/2023\/06\/IMG_8401-1-1-385x257.jpg 385w\" data-sizes=\"(max-width: 1024px) 100vw, 1024px\" src=\"data:image\/svg+xml;base64,PHN2ZyB3aWR0aD0iMSIgaGVpZ2h0PSIxIiB4bWxucz0iaHR0cDovL3d3dy53My5vcmcvMjAwMC9zdmciPjwvc3ZnPg==\" style=\"--smush-placeholder-width: 1024px; --smush-placeholder-aspect-ratio: 1024\/683;\" \/><\/figure>\n\n\n\n<p><br>Najwi\u0119ksz\u0105 popularno\u015b\u0107 zdoby\u0142 w okresie gotyku (XV\u2013XVI w.), kiedy charakterystyczne misternie wykonane dekoracje ornamentalne, z wykorzystaniem stiuku, drewna lub ceg\u0142y, zacz\u0119to wykorzystywa\u0107 do pokrywania p\u0142aszczyzn tak, by \u015bciany przypomina\u0142y haftowane, lub misternie tkane draperie.<br><br>Tw\u00f3rczo\u015b\u0107 muzu\u0142ma\u0144skich rzemie\u015blnik\u00f3w szybko zosta\u0142a doceniona przez elity spo\u0142eczne, kr\u00f3l\u00f3w, szlacht\u0119, w\u0142adze ko\u015bcielne, kt\u00f3rzy zacz\u0119li zleca\u0107 tworzenie rezydencji, budynk\u00f3w sakralnych, a tak\u017ce wa\u017cnych budynk\u00f3w u\u017cytkowych w stylu mudejar. <\/p>\n\n\n\n<p><\/p>\n\n\n\n<blockquote class=\"wp-block-quote is-layout-flow wp-block-quote-is-layout-flow\">\n<p><br>Charakterystyczne dla stylu by\u0142o tak\u017ce wykorzystanie\u00a0\u0142uk\u00f3w &#8211; typowych dla architektury maureta\u0144skiej.<br><\/p>\n<\/blockquote>\n\n\n\n<figure class=\"wp-block-image size-large\"><img decoding=\"async\" width=\"1024\" height=\"682\" data-src=\"https:\/\/www.goiberia.com\/wp-content\/uploads\/2023\/06\/IMG_8334-1-1-1024x682.jpg\" alt=\"\" class=\"wp-image-2244 lazyload\" data-srcset=\"https:\/\/www.goiberia.com\/wp-content\/uploads\/2023\/06\/IMG_8334-1-1-1024x682.jpg 1024w, https:\/\/www.goiberia.com\/wp-content\/uploads\/2023\/06\/IMG_8334-1-1-300x200.jpg 300w, https:\/\/www.goiberia.com\/wp-content\/uploads\/2023\/06\/IMG_8334-1-1-768x512.jpg 768w, https:\/\/www.goiberia.com\/wp-content\/uploads\/2023\/06\/IMG_8334-1-1-1536x1024.jpg 1536w, https:\/\/www.goiberia.com\/wp-content\/uploads\/2023\/06\/IMG_8334-1-1-18x12.jpg 18w, https:\/\/www.goiberia.com\/wp-content\/uploads\/2023\/06\/IMG_8334-1-1-1920x1280.jpg 1920w, https:\/\/www.goiberia.com\/wp-content\/uploads\/2023\/06\/IMG_8334-1-1-600x400.jpg 600w, https:\/\/www.goiberia.com\/wp-content\/uploads\/2023\/06\/IMG_8334-1-1-800x533.jpg 800w, https:\/\/www.goiberia.com\/wp-content\/uploads\/2023\/06\/IMG_8334-1-1-227x152.jpg 227w, https:\/\/www.goiberia.com\/wp-content\/uploads\/2023\/06\/IMG_8334-1-1-143x96.jpg 143w, https:\/\/www.goiberia.com\/wp-content\/uploads\/2023\/06\/IMG_8334-1-1-585x390.jpg 585w, https:\/\/www.goiberia.com\/wp-content\/uploads\/2023\/06\/IMG_8334-1-1-385x257.jpg 385w, https:\/\/www.goiberia.com\/wp-content\/uploads\/2023\/06\/IMG_8334-1-1.jpg 2000w\" data-sizes=\"(max-width: 1024px) 100vw, 1024px\" src=\"data:image\/svg+xml;base64,PHN2ZyB3aWR0aD0iMSIgaGVpZ2h0PSIxIiB4bWxucz0iaHR0cDovL3d3dy53My5vcmcvMjAwMC9zdmciPjwvc3ZnPg==\" style=\"--smush-placeholder-width: 1024px; --smush-placeholder-aspect-ratio: 1024\/682;\" \/><\/figure>\n\n\n\n<p><\/p>\n\n\n\n<h4 class=\"wp-block-heading\">Andaluzja pe\u0142na jest zabytk\u00f3w wybudowanych w stylu mudejar, i tak&nbsp;w poszczeg\u00f3lnych prowincjach zachwyca\u0107 mo\u017cemy&nbsp;si\u0119 jego dziedzictwem:<\/h4>\n\n\n\n<p><strong>Prowincja Almeria:<\/strong><\/p>\n\n\n\n<ul class=\"wp-block-list\">\n<li>Iglesia de Nuestra Se\u00f1ora de la Anunciaci\u00f3n &#8211; Hu\u00e9cija<\/li>\n<\/ul>\n\n\n\n<p><strong>Prowincja Kadyks:<\/strong><\/p>\n\n\n\n<ul class=\"wp-block-list\">\n<li>La Iglesia de San Dionisio &#8211; Jerez de la Frontera<\/li>\n\n\n\n<li>El castillo de Torrestrella &#8211; Medina-Sidonia<\/li>\n<\/ul>\n\n\n\n<p><strong>Prowincja Kordoba:<\/strong><\/p>\n\n\n\n<ul class=\"wp-block-list\">\n<li>La puerta del Perd\u00f3n<\/li>\n\n\n\n<li>La capilla Real de la Mezquita<\/li>\n\n\n\n<li>La Casa de las Campanas<\/li>\n\n\n\n<li>La Casa de los Caballeros&nbsp;<\/li>\n\n\n\n<li>La iglesia de San Miguel<\/li>\n<\/ul>\n\n\n\n<figure class=\"wp-block-image size-large\"><img decoding=\"async\" width=\"1024\" height=\"683\" data-src=\"https:\/\/www.goiberia.com\/wp-content\/uploads\/2023\/06\/IMG_8417-1-1024x683.jpg\" alt=\"\" class=\"wp-image-2248 lazyload\" data-srcset=\"https:\/\/www.goiberia.com\/wp-content\/uploads\/2023\/06\/IMG_8417-1-1024x683.jpg 1024w, https:\/\/www.goiberia.com\/wp-content\/uploads\/2023\/06\/IMG_8417-1-300x200.jpg 300w, https:\/\/www.goiberia.com\/wp-content\/uploads\/2023\/06\/IMG_8417-1-768x512.jpg 768w, https:\/\/www.goiberia.com\/wp-content\/uploads\/2023\/06\/IMG_8417-1-1536x1024.jpg 1536w, https:\/\/www.goiberia.com\/wp-content\/uploads\/2023\/06\/IMG_8417-1-2048x1366.jpg 2048w, https:\/\/www.goiberia.com\/wp-content\/uploads\/2023\/06\/IMG_8417-1-18x12.jpg 18w, https:\/\/www.goiberia.com\/wp-content\/uploads\/2023\/06\/IMG_8417-1-1920x1280.jpg 1920w, https:\/\/www.goiberia.com\/wp-content\/uploads\/2023\/06\/IMG_8417-1-600x400.jpg 600w, https:\/\/www.goiberia.com\/wp-content\/uploads\/2023\/06\/IMG_8417-1-800x533.jpg 800w, https:\/\/www.goiberia.com\/wp-content\/uploads\/2023\/06\/IMG_8417-1-227x152.jpg 227w, https:\/\/www.goiberia.com\/wp-content\/uploads\/2023\/06\/IMG_8417-1-143x96.jpg 143w, https:\/\/www.goiberia.com\/wp-content\/uploads\/2023\/06\/IMG_8417-1-585x390.jpg 585w, https:\/\/www.goiberia.com\/wp-content\/uploads\/2023\/06\/IMG_8417-1-385x257.jpg 385w\" data-sizes=\"(max-width: 1024px) 100vw, 1024px\" src=\"data:image\/svg+xml;base64,PHN2ZyB3aWR0aD0iMSIgaGVpZ2h0PSIxIiB4bWxucz0iaHR0cDovL3d3dy53My5vcmcvMjAwMC9zdmciPjwvc3ZnPg==\" style=\"--smush-placeholder-width: 1024px; --smush-placeholder-aspect-ratio: 1024\/683;\" \/><\/figure>\n\n\n\n<p><br><strong>Prowincja Granada:<\/strong><\/p>\n\n\n\n<ul class=\"wp-block-list\">\n<li>La Iglesia de San Jos\u00e9<\/li>\n\n\n\n<li>La Iglesia del Convento de Santa Isabel La Real<\/li>\n\n\n\n<li>El Sagrario del Convento de Santa Isabel la Real<\/li>\n\n\n\n<li>El Minarete junto a la Iglesia de San Jos\u00e9<\/li>\n\n\n\n<li>La Iglesia de San Pedro y San Pablo<\/li>\n\n\n\n<li>La Iglesia de Santa Ana<\/li>\n\n\n\n<li>El Palacio de la Madraza<\/li>\n\n\n\n<li>La Iglesia de San Bartolom\u00e9<\/li>\n\n\n\n<li>La Iglesia del Salvador<\/li>\n\n\n\n<li>La Iglesia de San Nicol\u00e1s<\/li>\n<\/ul>\n\n\n\n<p><strong>Prowincja Huelva:<\/strong><\/p>\n\n\n\n<ul class=\"wp-block-list\">\n<li>En Aracena, Iglesia de Nuestra Se\u00f1ora de los Dolores &#8211; Aracena<\/li>\n\n\n\n<li>El Monasterio de Santa Clara &#8211; Moguer<\/li>\n\n\n\n<li>El Monasterio de La R\u00e1bida &#8211; Palos de la Frontera<\/li>\n<\/ul>\n\n\n\n<p><strong>Prowincja Ja\u00e9n:<\/strong><\/p>\n\n\n\n<ul class=\"wp-block-list\">\n<li>La Iglesia de San Bartolom\u00e9, iglesia de la Magdalena &#8211; Ja\u00e9n<\/li>\n\n\n\n<li>La Iglesia de San Andr\u00e9s &#8211; Ja\u00e9n<\/li>\n\n\n\n<li>Palacio del Condestable Iranzo &#8211; Ja\u00e9n<\/li>\n\n\n\n<li>El Convento de Santa Clara &#8211; \u00dabeda<\/li>\n\n\n\n<li>La Puerta del Losal &#8211; \u00dabeda<\/li>\n\n\n\n<li>La Casa Mud\u00e9jar &#8211; \u00dabeda<\/li>\n<\/ul>\n\n\n\n<p><strong>Prowincja M\u00e1laga:<\/strong><\/p>\n\n\n\n<ul class=\"wp-block-list\">\n<li>El convento de la Trinidad &#8211; Malaga<\/li>\n\n\n\n<li>La Iglesia de Santiago &#8211; Malaga&nbsp;<\/li>\n\n\n\n<li>\u00c1rchez i du\u017ca cz\u0119\u015b\u0107 La Axarquia (historycznego regionu Andaluzji)<\/li>\n<\/ul>\n\n\n\n<p><strong>Prowincja Sevilla:<\/strong><\/p>\n\n\n\n<ul class=\"wp-block-list\">\n<li>Palacio Alc\u00e1zar &#8211; Sevilla<\/li>\n\n\n\n<li>La Casa de Pilatos &#8211; Sevilla<\/li>\n\n\n\n<li>La Casa Olea y las iglesias de Iglesia de San Juli\u00e1n &#8211; Sevilla<\/li>\n\n\n\n<li>Iglesia de Santa Marina &#8211; Sevilla<\/li>\n\n\n\n<li>Iglesia de San Marcos &#8211; Sevilla<\/li>\n\n\n\n<li>Iglesia de Santa CatalinaIglesia de San Andr\u00e9s &#8211; Sevilla<\/li>\n\n\n\n<li>Iglesia de San Esteban &#8211; Sevilla&nbsp;<\/li>\n\n\n\n<li>Iglesia de San Isidoro &#8211; Sevilla<\/li>\n\n\n\n<li>Iglesia de San Pedro &#8211; Sevilla<\/li>\n\n\n\n<li>Iglesia de San Mart\u00edn &#8211; Sevilla<\/li>\n\n\n\n<li>Iglesia de San Lorenzo &#8211; Sevilla<\/li>\n\n\n\n<li>Iglesia de Omnium Sanctorum &#8211; Sevilla<\/li>\n\n\n\n<li>Iglesia de San Sebasti\u00e1n &#8211; Sevilla<\/li>\n\n\n\n<li>Iglesia de San Vicente &#8211; Sevilla<\/li>\n\n\n\n<li>Iglesia de Santa Ana &#8211; Sevilla<\/li>\n\n\n\n<li>Iglesia de San Juan de la Palma &#8211; Sevilla<\/li>\n\n\n\n<li>Iglesia de San Rom\u00e1n &#8211; Sevilla<\/li>\n\n\n\n<li>Iglesia de San Gil e Iglesia de Santa Luc\u00eda &#8211; Sevilla<\/li>\n\n\n\n<li>Nuestra Se\u00f1ora de la Oliva &#8211; Lebrija<\/li>\n\n\n\n<li>La iglesia de Santa Mar\u00eda de la Asunci\u00f3n &#8211; Mairena del Alcor<\/li>\n\n\n\n<li>La ermita de San Sebasti\u00e1n y el castillo de Luna &#8211; Mairena del Alcor<\/li>\n\n\n\n<li>La Mayor, la Iglesia de San Pedro &#8211; Sanl\u00faca<\/li>\n\n\n\n<li>El Monasterio de San Isidoro del Campo &#8211; Santiponce<\/li>\n<\/ul>\n\n\n\n<figure class=\"wp-block-image size-large\"><img decoding=\"async\" width=\"1024\" height=\"683\" data-src=\"https:\/\/www.goiberia.com\/wp-content\/uploads\/2023\/06\/IMG_8379-1-1-1024x683.jpg\" alt=\"\" class=\"wp-image-2247 lazyload\" data-srcset=\"https:\/\/www.goiberia.com\/wp-content\/uploads\/2023\/06\/IMG_8379-1-1-1024x683.jpg 1024w, https:\/\/www.goiberia.com\/wp-content\/uploads\/2023\/06\/IMG_8379-1-1-300x200.jpg 300w, https:\/\/www.goiberia.com\/wp-content\/uploads\/2023\/06\/IMG_8379-1-1-768x512.jpg 768w, https:\/\/www.goiberia.com\/wp-content\/uploads\/2023\/06\/IMG_8379-1-1-1536x1024.jpg 1536w, https:\/\/www.goiberia.com\/wp-content\/uploads\/2023\/06\/IMG_8379-1-1-2048x1366.jpg 2048w, https:\/\/www.goiberia.com\/wp-content\/uploads\/2023\/06\/IMG_8379-1-1-18x12.jpg 18w, https:\/\/www.goiberia.com\/wp-content\/uploads\/2023\/06\/IMG_8379-1-1-1920x1280.jpg 1920w, https:\/\/www.goiberia.com\/wp-content\/uploads\/2023\/06\/IMG_8379-1-1-600x400.jpg 600w, https:\/\/www.goiberia.com\/wp-content\/uploads\/2023\/06\/IMG_8379-1-1-800x533.jpg 800w, https:\/\/www.goiberia.com\/wp-content\/uploads\/2023\/06\/IMG_8379-1-1-227x152.jpg 227w, https:\/\/www.goiberia.com\/wp-content\/uploads\/2023\/06\/IMG_8379-1-1-143x96.jpg 143w, https:\/\/www.goiberia.com\/wp-content\/uploads\/2023\/06\/IMG_8379-1-1-585x390.jpg 585w, https:\/\/www.goiberia.com\/wp-content\/uploads\/2023\/06\/IMG_8379-1-1-385x257.jpg 385w\" data-sizes=\"(max-width: 1024px) 100vw, 1024px\" src=\"data:image\/svg+xml;base64,PHN2ZyB3aWR0aD0iMSIgaGVpZ2h0PSIxIiB4bWxucz0iaHR0cDovL3d3dy53My5vcmcvMjAwMC9zdmciPjwvc3ZnPg==\" style=\"--smush-placeholder-width: 1024px; --smush-placeholder-aspect-ratio: 1024\/683;\" \/><\/figure>\n\n\n\n<p><\/p>\n\n\n\n<blockquote class=\"wp-block-quote is-layout-flow wp-block-quote-is-layout-flow\">\n<p><strong>Odwiedzaj\u0105c Andaluzj\u0119 warto zwr\u00f3ci\u0107 uwag\u0119, na wr\u0119cz bajkow\u0105 architektur\u0119.<\/strong><\/p>\n<\/blockquote>\n\n\n\n<p><\/p>\n\n\n\n<p>Mudejar to nie tylko sztuka wizualna, to tak\u017ce muzyka. Wybitnymi jej odtw\u00f3rcami&nbsp;s\u0105 Javier Mas i Luis Delegado, dzi\u0119ki kt\u00f3rym w XXI wieku mo\u017cemy ws\u0142ucha\u0107 si\u0119 w muzyk\u0119 sprzed kilku stuleci i poczu\u0107 ten unikalny i egzotyczny styl.<\/p>\n\n\n\n<p><\/p>\n\n\n\n<figure class=\"wp-block-embed is-type-rich is-provider-embed-handler wp-block-embed-embed-handler wp-embed-aspect-4-3 wp-has-aspect-ratio\"><div class=\"wp-block-embed__wrapper\">\n<iframe title=\"Alarifes Mud\u00e9jares, Las Velas (Melodia sobre Cantiga 180 de Santa Mar\u00eda de Alfonso X el Sabio)\" width=\"1194\" height=\"896\" data-src=\"https:\/\/www.youtube.com\/embed\/hPA4ky907Q0?feature=oembed\" frameborder=\"0\" allow=\"accelerometer; autoplay; clipboard-write; encrypted-media; gyroscope; picture-in-picture; web-share\" allowfullscreen src=\"data:image\/svg+xml;base64,PHN2ZyB3aWR0aD0iMSIgaGVpZ2h0PSIxIiB4bWxucz0iaHR0cDovL3d3dy53My5vcmcvMjAwMC9zdmciPjwvc3ZnPg==\" class=\"lazyload\" data-load-mode=\"1\"><\/iframe>\n<\/div><\/figure>\n\n\n\n<figure class=\"wp-block-embed is-type-rich is-provider-embed-handler wp-block-embed-embed-handler wp-embed-aspect-4-3 wp-has-aspect-ratio\"><div class=\"wp-block-embed__wrapper\">\n<iframe title=\"Luis Delgado - &quot;El Diwan de las poetisas&quot;\" width=\"1194\" height=\"896\" data-src=\"https:\/\/www.youtube.com\/embed\/c12Atnk4624?feature=oembed\" frameborder=\"0\" allow=\"accelerometer; autoplay; clipboard-write; encrypted-media; gyroscope; picture-in-picture; web-share\" allowfullscreen src=\"data:image\/svg+xml;base64,PHN2ZyB3aWR0aD0iMSIgaGVpZ2h0PSIxIiB4bWxucz0iaHR0cDovL3d3dy53My5vcmcvMjAwMC9zdmciPjwvc3ZnPg==\" class=\"lazyload\" data-load-mode=\"1\"><\/iframe>\n<\/div><\/figure>\n\n\n\n<figure class=\"wp-block-embed is-type-rich is-provider-embed-handler wp-block-embed-embed-handler wp-embed-aspect-4-3 wp-has-aspect-ratio\"><div class=\"wp-block-embed__wrapper\">\n<iframe title=\"Rupak - Javier Mas &amp; Prabhu Edouard\" width=\"1194\" height=\"896\" data-src=\"https:\/\/www.youtube.com\/embed\/0rEc0n669Yw?feature=oembed\" frameborder=\"0\" allow=\"accelerometer; autoplay; clipboard-write; encrypted-media; gyroscope; picture-in-picture; web-share\" allowfullscreen src=\"data:image\/svg+xml;base64,PHN2ZyB3aWR0aD0iMSIgaGVpZ2h0PSIxIiB4bWxucz0iaHR0cDovL3d3dy53My5vcmcvMjAwMC9zdmciPjwvc3ZnPg==\" class=\"lazyload\" data-load-mode=\"1\"><\/iframe>\n<\/div><\/figure>\n\n\n\n<figure class=\"wp-block-embed is-type-rich is-provider-embed-handler wp-block-embed-embed-handler wp-embed-aspect-16-9 wp-has-aspect-ratio\"><div class=\"wp-block-embed__wrapper\">\n<iframe title=\"Marseille, Who By Fire, Leonard Cohen, Javier Mass, Le Dome, September 21st, 2010.\" width=\"1194\" height=\"672\" data-src=\"https:\/\/www.youtube.com\/embed\/Qv5H4Fq345I?feature=oembed\" frameborder=\"0\" allow=\"accelerometer; autoplay; clipboard-write; encrypted-media; gyroscope; picture-in-picture; web-share\" allowfullscreen src=\"data:image\/svg+xml;base64,PHN2ZyB3aWR0aD0iMSIgaGVpZ2h0PSIxIiB4bWxucz0iaHR0cDovL3d3dy53My5vcmcvMjAwMC9zdmciPjwvc3ZnPg==\" class=\"lazyload\" data-load-mode=\"1\"><\/iframe>\n<\/div><\/figure>\n\n\n\n<figure class=\"wp-block-embed is-type-rich is-provider-embed-handler wp-block-embed-embed-handler wp-embed-aspect-16-9 wp-has-aspect-ratio\"><div class=\"wp-block-embed__wrapper\">\n<iframe title=\"Paseabase el rey moro (Mudejar\/Bego\u00f1a Olavide)\" width=\"1194\" height=\"672\" data-src=\"https:\/\/www.youtube.com\/embed\/RtO9UoTfiHk?feature=oembed\" frameborder=\"0\" allow=\"accelerometer; autoplay; clipboard-write; encrypted-media; gyroscope; picture-in-picture; web-share\" allowfullscreen src=\"data:image\/svg+xml;base64,PHN2ZyB3aWR0aD0iMSIgaGVpZ2h0PSIxIiB4bWxucz0iaHR0cDovL3d3dy53My5vcmcvMjAwMC9zdmciPjwvc3ZnPg==\" class=\"lazyload\" data-load-mode=\"1\"><\/iframe>\n<\/div><\/figure>\n","protected":false},"excerpt":{"rendered":"<p>Styl artystyczny Mud\u00e9jar powsta\u0142 w XII wieku, a moda na jego wykorzystywanie trwa\u0142a do XVII wieku. Mudejar z arabskiego wymawiane jako mudad\u017cd\u017can&nbsp;i oznacza tego, kt\u00f3ry m\u00f3g\u0142 zosta\u0107 w Hiszpanii. Styl zapocz\u0105tkowany zosta\u0142 w czasie rekonkwisty przez osiedlonych na hiszpa\u0144skich ziemiach muzu\u0142man\u00f3w,&nbsp;nazywanych Mudejarami, kt\u00f3rzy dobrowolnie zgodzili si\u0119 przyj\u0105\u0107 chrzest i s\u0142u\u017cy\u0107 wiernie Koronie.&nbsp; Przejawia\u0142 si\u0119 g\u0142\u00f3wnie [&hellip;]<\/p>\n","protected":false},"author":1,"featured_media":2240,"comment_status":"open","ping_status":"open","sticky":false,"template":"","format":"standard","meta":{"footnotes":""},"categories":[96,80,79,89],"tags":[143,134,144],"class_list":["post-2233","post","type-post","status-publish","format-standard","has-post-thumbnail","hentry","category-podroze-po-iberii","category-andaluzja","category-hiszpania","category-lifestyle","tag-architektura","tag-ciekawostki-andaluzji","tag-sztuka-hiszpanii"],"_links":{"self":[{"href":"https:\/\/www.goiberia.com\/pl\/wp-json\/wp\/v2\/posts\/2233","targetHints":{"allow":["GET"]}}],"collection":[{"href":"https:\/\/www.goiberia.com\/pl\/wp-json\/wp\/v2\/posts"}],"about":[{"href":"https:\/\/www.goiberia.com\/pl\/wp-json\/wp\/v2\/types\/post"}],"author":[{"embeddable":true,"href":"https:\/\/www.goiberia.com\/pl\/wp-json\/wp\/v2\/users\/1"}],"replies":[{"embeddable":true,"href":"https:\/\/www.goiberia.com\/pl\/wp-json\/wp\/v2\/comments?post=2233"}],"version-history":[{"count":8,"href":"https:\/\/www.goiberia.com\/pl\/wp-json\/wp\/v2\/posts\/2233\/revisions"}],"predecessor-version":[{"id":7809,"href":"https:\/\/www.goiberia.com\/pl\/wp-json\/wp\/v2\/posts\/2233\/revisions\/7809"}],"wp:featuredmedia":[{"embeddable":true,"href":"https:\/\/www.goiberia.com\/pl\/wp-json\/wp\/v2\/media\/2240"}],"wp:attachment":[{"href":"https:\/\/www.goiberia.com\/pl\/wp-json\/wp\/v2\/media?parent=2233"}],"wp:term":[{"taxonomy":"category","embeddable":true,"href":"https:\/\/www.goiberia.com\/pl\/wp-json\/wp\/v2\/categories?post=2233"},{"taxonomy":"post_tag","embeddable":true,"href":"https:\/\/www.goiberia.com\/pl\/wp-json\/wp\/v2\/tags?post=2233"}],"curies":[{"name":"wp","href":"https:\/\/api.w.org\/{rel}","templated":true}]}}